{"id":6976,"date":"2024-11-14T06:47:24","date_gmt":"2024-11-14T06:47:24","guid":{"rendered":"https:\/\/dori-go.com\/?p=6976"},"modified":"2024-12-12T12:15:05","modified_gmt":"2024-12-12T12:15:05","slug":"soziale-verantwortung-als-erfolgsfaktor-wie-unternehmen-durch-arbeitsintegration-wachsen","status":"publish","type":"post","link":"https:\/\/dori-go.com\/index.php\/soziale-verantwortung-als-erfolgsfaktor-wie-unternehmen-durch-arbeitsintegration-wachsen\/","title":{"rendered":"Soziale Verantwortung als Erfolgsfaktor: Wie Unternehmen durch Arbeitsintegration wachsen"},"content":{"rendered":"\n<p>In den letzten Jahren hat das Konzept der Corporate Social Responsibility (CSR) einen immer h\u00f6heren Stellenwert in der Gesch\u00e4ftswelt erlangt. Unternehmen erkennen zunehmend, dass es nicht mehr nur darum geht, finanzielle Gewinne zu maximieren, sondern auch eine soziale Verantwortung zu \u00fcbernehmen. Dabei spielt die Arbeitsintegration, insbesondere von Gefl\u00fcchteten und Langzeitarbeitslosen, eine zentrale Rolle.<\/p>\n\n\n\n<div style=\"height:25px\" aria-hidden=\"true\" class=\"wp-block-spacer\"><\/div>\n\n\n\n<p>Durch die gezielte Integration dieser Personengruppen k\u00f6nnen Unternehmen nicht nur einen positiven gesellschaftlichen Beitrag leisten, sondern auch von einem motivierten und vielf\u00e4ltigen Arbeitsumfeld profitieren.<\/p>\n\n\n\n<div style=\"height:25px\" aria-hidden=\"true\" class=\"wp-block-spacer\"><\/div>\n\n\n\n<p>Als Recruiting-Unternehmen, das eng mit f\u00fchrenden Unternehmen und Institutionen zusammenarbeitet, verstehen wir sowohl die Herausforderungen als auch die Chancen, die mit der Besch\u00e4ftigung von Gefl\u00fcchteten und Langzeitarbeitslosen einhergehen. In diesem Artikel beleuchten wir die wachsende Bedeutung von CSR im Kontext der Arbeitsintegration und zeigen auf, wie Unternehmen durch diesen Ansatz wirtschaftlich und kulturell profitieren k\u00f6nnen.<\/p>\n\n\n\n<div style=\"height:51px\" aria-hidden=\"true\" class=\"wp-block-spacer\"><\/div>\n\n\n\n<h2 class=\"wp-block-heading has-text-color has-link-color wp-elements-7e760ea420f1f890216796baaaca795b\" style=\"color:#138d75\"><strong>Warum Corporate Social Responsibility in der Arbeitsintegration immer wichtiger wird<\/strong><\/h2>\n\n\n\n<div style=\"height:25px\" aria-hidden=\"true\" class=\"wp-block-spacer\"><\/div>\n\n\n\n<p>CSR hat sich von einem \u201eNice-to-Have\u201c zu einem wesentlichen Bestandteil der Unternehmensstrategie entwickelt. Immer mehr Unternehmen erkennen, dass sie in der heutigen globalisierten Welt eine gesellschaftliche Verantwortung tragen. Dabei geht es nicht nur um \u00f6kologische Nachhaltigkeit, sondern zunehmend auch um soziale Gerechtigkeit. Die Integration von Gefl\u00fcchteten und Langzeitarbeitslosen ist eine M\u00f6glichkeit, diese Verantwortung in die Tat umzusetzen.<\/p>\n\n\n\n<div style=\"height:25px\" aria-hidden=\"true\" class=\"wp-block-spacer\"><\/div>\n\n\n\n<p>In der Schweiz stehen Unternehmen vor dem demografischen Wandel und dem Fachkr\u00e4ftemangel (Schauen Sie sich hier gerne auch unseren Blogbeitrag zum demografischen Wandel an [LINK]. Diese Entwicklungen fordern neue Ans\u00e4tze, um den Bedarf an qualifizierten Arbeitskr\u00e4ften zu decken. Gleichzeitig w\u00e4chst der Druck von Seiten der Gesellschaft und der Mitarbeitenden, soziale Verantwortung zu \u00fcbernehmen. Eine Umfrage des Bundesamts f\u00fcr Statistik zeigt, dass die Bev\u00f6lkerung zunehmend von Unternehmen erwartet, dass sie soziale Verantwortung wahrnehmen und ihren Beitrag zur Integration von benachteiligten Gruppen leisten.<\/p>\n\n\n\n<div style=\"height:50px\" aria-hidden=\"true\" class=\"wp-block-spacer\"><\/div>\n\n\n\n<h2 class=\"wp-block-heading has-text-color has-link-color wp-elements-7e4f6ec0cbb81afd6d9256983f72dd17\" style=\"color:#138d75\"><strong>Der Mehrwert von Vielfalt am Arbeitsplatz<\/strong><\/h2>\n\n\n\n<div style=\"height:25px\" aria-hidden=\"true\" class=\"wp-block-spacer\"><\/div>\n\n\n\n<p>Ein wichtiger Aspekt von CSR ist die F\u00f6rderung eines vielf\u00e4ltigen Arbeitsumfelds. Durch die Einstellung von Gefl\u00fcchteten und Langzeitarbeitslosen schaffen Unternehmen ein Umfeld, das kulturelle und soziale Vielfalt f\u00f6rdert. Studien zeigen, dass Unternehmen mit vielf\u00e4ltigen Teams innovativer sind und bessere finanzielle Ergebnisse erzielen. Unterschiedliche Perspektiven und Erfahrungen f\u00fchren zu kreativeren L\u00f6sungen und st\u00e4rken die Innovationskraft des Unternehmens.<\/p>\n\n\n\n<div style=\"height:25px\" aria-hidden=\"true\" class=\"wp-block-spacer\"><\/div>\n\n\n\n<p>Die Besch\u00e4ftigung von Gefl\u00fcchteten bringt zudem internationale Expertise und sprachliche Vielfalt in das Unternehmen, was besonders in global agierenden Firmen von Vorteil ist. Langzeitarbeitslose, die nach l\u00e4ngerer Abwesenheit vom Arbeitsmarkt zur\u00fcckkehren, bringen oft eine hohe Motivation und ein starkes Bed\u00fcrfnis nach beruflicher Stabilit\u00e4t mit. Diese Gruppe kann sich als \u00e4usserst loyal erweisen, wenn sie die Chance erh\u00e4lt, sich wieder in den Arbeitsmarkt zu integrieren.<\/p>\n\n\n\n<div style=\"height:50px\" aria-hidden=\"true\" class=\"wp-block-spacer\"><\/div>\n\n\n\n<h2 class=\"wp-block-heading has-text-color has-link-color wp-elements-aa48a19a89cd551e29542055382efe7c\" style=\"color:#138d75\"><strong>Bedenken der Unternehmen: Risiken und Herausforderungen<\/strong><\/h2>\n\n\n\n<div style=\"height:25px\" aria-hidden=\"true\" class=\"wp-block-spacer\"><\/div>\n\n\n\n<p>Trotz der zahlreichen Vorteile, die sich aus der Arbeitsintegration von benachteiligten Gruppen ergeben, bestehen auf Seiten der Unternehmen oft Vorbehalte. Einige der h\u00e4ufigsten Bedenken betreffen die Qualifikation der Bewerber, die Integration in das bestehende Team und die damit verbundenen Kosten. Als Schnittstelle zwischen der Welt der Arbeitsintegration und den Unternehmen sind wir bestens darauf vorbereitet, diese Bedenken zu adressieren und L\u00f6sungen anzubieten.<\/p>\n\n\n\n<div style=\"height:25px\" aria-hidden=\"true\" class=\"wp-block-spacer\"><\/div>\n\n\n\n<p><strong>Qualifikation und Schulung<\/strong><\/p>\n\n\n\n<p>Ein h\u00e4ufiges Anliegen von Unternehmen ist die Frage, ob Gefl\u00fcchtete oder Langzeitarbeitslose \u00fcber die notwendigen Qualifikationen verf\u00fcgen, um in anspruchsvollen Positionen erfolgreich zu sein. Hier setzen gezielte Schulungsprogramme und Weiterbildungen an. Viele Unternehmen, die in Zusammenarbeit mit Arbeitsintegrationsorganisationen agieren, bieten ihren neuen Mitarbeitenden massgeschneiderte Trainings an, um sie auf die spezifischen Anforderungen der Position vorzubereiten.<\/p>\n\n\n\n<div style=\"height:25px\" aria-hidden=\"true\" class=\"wp-block-spacer\"><\/div>\n\n\n\n<p>Wir empfehlen Unternehmen, die Integration als l\u00e4ngerfristigen Prozess zu betrachten. Dabei geht es nicht nur darum, sofort den perfekten \u201eFit\u201c zu finden, sondern auch um das Potenzial, das diese Mitarbeitenden mitbringen. Unternehmen, die in Schulungen und Entwicklungsprogramme investieren, k\u00f6nnen langfristig von loyalen und qualifizierten Mitarbeitenden profitieren.<\/p>\n\n\n\n<div style=\"height:25px\" aria-hidden=\"true\" class=\"wp-block-spacer\"><\/div>\n\n\n\n<p><strong>Kulturelle Integration<\/strong><\/p>\n\n\n\n<p>Ein weiteres Bedenken betrifft die kulturelle Integration von Gefl\u00fcchteten in bestehende Teams. Unterschiedliche kulturelle Hintergr\u00fcnde und Arbeitsweisen k\u00f6nnen zun\u00e4chst als Herausforderung empfunden werden. Doch mit der richtigen Vorbereitung und Unterst\u00fctzung k\u00f6nnen diese Unterschiede zu einer Bereicherung f\u00fcr das Unternehmen werden.<\/p>\n\n\n\n<div style=\"height:25px\" aria-hidden=\"true\" class=\"wp-block-spacer\"><\/div>\n\n\n\n<p>Coaching und Mentoring-Programme haben sich als \u00e4usserst erfolgreich erwiesen, um die kulturelle Integration zu f\u00f6rdern. Unternehmen, die Gefl\u00fcchtete oder Langzeitarbeitslose einstellen, sollten sicherstellen, dass sie interne Mentoren zur Verf\u00fcgung stellen, die als Ansprechpartner fungieren und den neuen Mitarbeitenden helfen, sich im Unternehmen und der neuen Umgebung zurechtzufinden.<\/p>\n\n\n\n<div style=\"height:50px\" aria-hidden=\"true\" class=\"wp-block-spacer\"><\/div>\n\n\n\n<h2 class=\"wp-block-heading has-text-color has-link-color wp-elements-1fc9b6a02837fc6680b78d092e93a1a7\" style=\"color:#138d75\"><strong>Die Rolle der Dorigo AG: Wie wir Unternehmen unterst\u00fctzen<\/strong><\/h2>\n\n\n\n<div style=\"height:25px\" aria-hidden=\"true\" class=\"wp-block-spacer\"><\/div>\n\n\n\n<p>Als Unternehmen mit exzellenten Kontakten in die Unternehmenswelt sind wir bestens aufgestellt, um als Schnittstelle zwischen Arbeitsintegrationsprogrammen und Unternehmen zu fungieren. Wir verstehen die spezifischen Anforderungen von Unternehmen und k\u00f6nnen gleichzeitig die Potenziale und Herausforderungen der Arbeitsintegration einsch\u00e4tzen.<\/p>\n\n\n\n<div style=\"height:25px\" aria-hidden=\"true\" class=\"wp-block-spacer\"><\/div>\n\n\n\n<p>Durch unsere Kontakte zu f\u00fchrenden Unternehmen kennen wir die h\u00e4ufigsten Bedenken und Einw\u00e4nde und k\u00f6nnen diese proaktiv adressieren. Wir bieten umfassende Beratung, um Unternehmen bei der Implementierung von Arbeitsintegrationsstrategien zu unterst\u00fctzen. Von der Identifikation geeigneter Kandidaten \u00fcber das Coaching bis hin zur Beratung zu fachlichen Schulungsprogrammen &#8211; wir begleiten in den <a href=\"https:\/\/dori-go.com\/index.php\/category\/soziale-institutionen\/\" data-type=\"category\" data-id=\"236\">unterschiedlichen Phasen des Prozesses<\/a>.<\/p>\n\n\n\n<div style=\"height:50px\" aria-hidden=\"true\" class=\"wp-block-spacer\"><\/div>\n\n\n\n<h2 class=\"wp-block-heading has-text-color has-link-color wp-elements-a5a0409fd508b84a5ec2773782d07bf0\" style=\"color:#138d75\"><strong>Wirtschaftliche Vorteile: Wie Unternehmen konkret profitieren<\/strong><\/h2>\n\n\n\n<div style=\"height:25px\" aria-hidden=\"true\" class=\"wp-block-spacer\"><\/div>\n\n\n\n<p>Die soziale Verantwortung zu \u00fcbernehmen, bringt nicht nur ethische und kulturelle Vorteile, sondern auch handfeste wirtschaftliche Benefits. Unternehmen, die sich aktiv in der Arbeitsintegration engagieren, k\u00f6nnen oft von staatlichen F\u00f6rderprogrammen profitieren. In der Schweiz gibt es zahlreiche Initiativen, die Unternehmen unterst\u00fctzen, wenn sie Gefl\u00fcchtete oder Langzeitarbeitslose besch\u00e4ftigen. Dies umfasst finanzielle Zusch\u00fcsse, steuerliche Anreize und Unterst\u00fctzung bei der Schulung und Integration der Mitarbeitenden.<\/p>\n\n\n\n<div style=\"height:25px\" aria-hidden=\"true\" class=\"wp-block-spacer\"><\/div>\n\n\n\n<p>Dar\u00fcber hinaus kann die Besch\u00e4ftigung von benachteiligten Gruppen das Unternehmensimage st\u00e4rken. Ein positives CSR-Profil macht Unternehmen f\u00fcr Bewerber und Kunden attraktiver. Studien haben gezeigt, dass Unternehmen, die sich sozial engagieren, eine h\u00f6here Mitarbeiterbindung und Zufriedenheit aufweisen. In Zeiten von Fachkr\u00e4ftemangel und steigenden Anforderungen an die Arbeitgebermarke kann dies ein entscheidender Wettbewerbsvorteil sein.<\/p>\n\n\n\n<div style=\"height:51px\" aria-hidden=\"true\" class=\"wp-block-spacer\"><\/div>\n\n\n\n<h2 class=\"wp-block-heading has-text-color has-link-color wp-elements-1db13d8e97dad2140527df2a3569435c\" style=\"color:#138d75\"><strong>Best-Practice-Beispiele: Erfolgreiche Arbeitsintegration in der Praxis<\/strong><\/h2>\n\n\n\n<div style=\"height:25px\" aria-hidden=\"true\" class=\"wp-block-spacer\"><\/div>\n\n\n\n<p>Um den Erfolg von Arbeitsintegrationsprogrammen zu verdeutlichen, ist es hilfreich, konkrete Beispiele aus der Praxis zu betrachten. In den letzten Jahren haben zahlreiche Schweizer Unternehmen bewiesen, dass die Integration von Gefl\u00fcchteten und Langzeitarbeitslosen nicht nur m\u00f6glich, sondern auch \u00e4usserst erfolgreich sein kann.<\/p>\n\n\n\n<div style=\"height:25px\" aria-hidden=\"true\" class=\"wp-block-spacer\"><\/div>\n\n\n\n<p>Ein Beispiel ist ein grosses Schweizer Bauunternehmen, das in Zusammenarbeit mit Arbeitsintegrationsorganisationen eine Reihe von Langzeitarbeitslosen in ihr Team integriert hat. Durch gezielte Schulungsprogramme und die Bereitstellung interner Mentoren konnten diese neuen Mitarbeitenden erfolgreich in das Unternehmen integriert werden. Das Unternehmen profitierte nicht nur von einer motivierten und loyalen Belegschaft, sondern erhielt auch positive R\u00fcckmeldungen von Kunden und Partnern, die das soziale Engagement des Unternehmens sch\u00e4tzten.<\/p>\n\n\n\n<div style=\"height:25px\" aria-hidden=\"true\" class=\"wp-block-spacer\"><\/div>\n\n\n\n<p>Ein weiteres Beispiel ist ein Technologieunternehmen, das mehrere gefl\u00fcchtete IT-Fachkr\u00e4fte eingestellt hat. Obwohl es anfangs Bedenken bez\u00fcglich der kulturellen Integration gab, wurde das Unternehmen positiv \u00fcberrascht. Die neuen Mitarbeitenden brachten nicht nur technische Expertise mit, sondern auch wertvolle internationale Perspektiven, die das Unternehmen bei der Entwicklung neuer Produkte unterst\u00fctzten.<\/p>\n\n\n\n<div style=\"height:48px\" aria-hidden=\"true\" class=\"wp-block-spacer\"><\/div>\n\n\n\n<h2 class=\"wp-block-heading has-text-color has-link-color wp-elements-457d2ac9f1a083eb0bf33d04f1313feb\" style=\"color:#138d75\"><strong>Fazit: CSR und Arbeitsintegration als Win-Win-Situation<\/strong><\/h2>\n\n\n\n<div style=\"height:24px\" aria-hidden=\"true\" class=\"wp-block-spacer\"><\/div>\n\n\n\n<p>Die Arbeitsintegration von Gefl\u00fcchteten und Langzeitarbeitslosen bietet Unternehmen die M\u00f6glichkeit, ihrer gesellschaftlichen Verantwortung gerecht zu werden und gleichzeitig konkrete wirtschaftliche Vorteile zu erzielen. Durch ein vielf\u00e4ltiges und motiviertes Arbeitsumfeld profitieren Unternehmen in vielerlei Hinsicht \u2013 von gesteigerter Innovationskraft \u00fcber eine st\u00e4rkere Mitarbeiterbindung bis hin zu einem positiven Unternehmensimage.<\/p>\n\n\n\n<div style=\"height:24px\" aria-hidden=\"true\" class=\"wp-block-spacer\"><\/div>\n\n\n\n<p>Als Dorigo AG verstehen wir die Herausforderungen und Chancen, die mit der Arbeitsintegration verbunden sind. Mit unserem umfassenden Netzwerk und unserer Expertise in der Unternehmensberatung k\u00f6nnen wir Unternehmen dabei unterst\u00fctzen, den Weg der sozialen Verantwortung erfolgreich zu beschreiten und gleichzeitig ihre Gesch\u00e4ftsziele zu erreichen.<\/p>\n\n\n\n<div style=\"height:24px\" aria-hidden=\"true\" class=\"wp-block-spacer\"><\/div>\n\n\n\n<p>Die Integration von benachteiligten Gruppen ist nicht nur ein ethischer Imperativ, sondern auch eine Investition in die Zukunft \u2013 sowohl f\u00fcr die Gesellschaft als auch f\u00fcr das Unternehmen.<\/p>\n","protected":false},"excerpt":{"rendered":"<p>In den letzten Jahren hat das Konzept der Corporate Social Responsibility (CSR) einen immer h\u00f6heren Stellenwert in der Gesch\u00e4ftswelt erlangt. Unternehmen erkennen zunehmend, dass es nicht mehr nur darum geht, finanzielle Gewinne zu maximieren, sondern auch eine soziale Verantwortung zu \u00fcbernehmen. Dabei spielt die Arbeitsintegration, insbesondere von Gefl\u00fcchteten und Langzeitarbeitslosen, eine zentrale Rolle. Durch die [&hellip;]<\/p>\n","protected":false},"author":3,"featured_media":6978,"comment_status":"open","ping_status":"open","sticky":false,"template":"","format":"standard","meta":{"ocean_post_layout":"","ocean_both_sidebars_style":"","ocean_both_sidebars_content_width":0,"ocean_both_sidebars_sidebars_width":0,"ocean_sidebar":"","ocean_second_sidebar":"","ocean_disable_margins":"enable","ocean_add_body_class":"","ocean_shortcode_before_top_bar":"","ocean_shortcode_after_top_bar":"","ocean_shortcode_before_header":"","ocean_shortcode_after_header":"","ocean_has_shortcode":"","ocean_shortcode_after_title":"","ocean_shortcode_before_footer_widgets":"","ocean_shortcode_after_footer_widgets":"","ocean_shortcode_before_footer_bottom":"","ocean_shortcode_after_footer_bottom":"","ocean_display_top_bar":"default","ocean_display_header":"default","ocean_header_style":"","ocean_center_header_left_menu":"","ocean_custom_header_template":"","ocean_custom_logo":0,"ocean_custom_retina_logo":0,"ocean_custom_logo_max_width":0,"ocean_custom_logo_tablet_max_width":0,"ocean_custom_logo_mobile_max_width":0,"ocean_custom_logo_max_height":0,"ocean_custom_logo_tablet_max_height":0,"ocean_custom_logo_mobile_max_height":0,"ocean_header_custom_menu":"","ocean_menu_typo_font_family":"","ocean_menu_typo_font_subset":"","ocean_menu_typo_font_size":0,"ocean_menu_typo_font_size_tablet":0,"ocean_menu_typo_font_size_mobile":0,"ocean_menu_typo_font_size_unit":"px","ocean_menu_typo_font_weight":"","ocean_menu_typo_font_weight_tablet":"","ocean_menu_typo_font_weight_mobile":"","ocean_menu_typo_transform":"","ocean_menu_typo_transform_tablet":"","ocean_menu_typo_transform_mobile":"","ocean_menu_typo_line_height":0,"ocean_menu_typo_line_height_tablet":0,"ocean_menu_typo_line_height_mobile":0,"ocean_menu_typo_line_height_unit":"","ocean_menu_typo_spacing":0,"ocean_menu_typo_spacing_tablet":0,"ocean_menu_typo_spacing_mobile":0,"ocean_menu_typo_spacing_unit":"","ocean_menu_link_color":"","ocean_menu_link_color_hover":"","ocean_menu_link_color_active":"","ocean_menu_link_background":"","ocean_menu_link_hover_background":"","ocean_menu_link_active_background":"","ocean_menu_social_links_bg":"","ocean_menu_social_hover_links_bg":"","ocean_menu_social_links_color":"","ocean_menu_social_hover_links_color":"","ocean_disable_title":"default","ocean_disable_heading":"default","ocean_post_title":"","ocean_post_subheading":"","ocean_post_title_style":"","ocean_post_title_background_color":"","ocean_post_title_background":0,"ocean_post_title_bg_image_position":"","ocean_post_title_bg_image_attachment":"","ocean_post_title_bg_image_repeat":"","ocean_post_title_bg_image_size":"","ocean_post_title_height":0,"ocean_post_title_bg_overlay":0.5,"ocean_post_title_bg_overlay_color":"","ocean_disable_breadcrumbs":"default","ocean_breadcrumbs_color":"","ocean_breadcrumbs_separator_color":"","ocean_breadcrumbs_links_color":"","ocean_breadcrumbs_links_hover_color":"","ocean_display_footer_widgets":"default","ocean_display_footer_bottom":"default","ocean_custom_footer_template":"","ocean_post_oembed":"","ocean_post_self_hosted_media":"","ocean_post_video_embed":"","ocean_link_format":"","ocean_link_format_target":"self","ocean_quote_format":"","ocean_quote_format_link":"post","ocean_gallery_link_images":"on","ocean_gallery_id":[],"footnotes":""},"categories":[279],"tags":[],"class_list":["post-6976","post","type-post","status-publish","format-standard","has-post-thumbnail","hentry","category-arbeitsintegration","entry","has-media"],"_links":{"self":[{"href":"https:\/\/dori-go.com\/index.php\/wp-json\/wp\/v2\/posts\/6976","targetHints":{"allow":["GET"]}}],"collection":[{"href":"https:\/\/dori-go.com\/index.php\/wp-json\/wp\/v2\/posts"}],"about":[{"href":"https:\/\/dori-go.com\/index.php\/wp-json\/wp\/v2\/types\/post"}],"author":[{"embeddable":true,"href":"https:\/\/dori-go.com\/index.php\/wp-json\/wp\/v2\/users\/3"}],"replies":[{"embeddable":true,"href":"https:\/\/dori-go.com\/index.php\/wp-json\/wp\/v2\/comments?post=6976"}],"version-history":[{"count":2,"href":"https:\/\/dori-go.com\/index.php\/wp-json\/wp\/v2\/posts\/6976\/revisions"}],"predecessor-version":[{"id":7212,"href":"https:\/\/dori-go.com\/index.php\/wp-json\/wp\/v2\/posts\/6976\/revisions\/7212"}],"wp:featuredmedia":[{"embeddable":true,"href":"https:\/\/dori-go.com\/index.php\/wp-json\/wp\/v2\/media\/6978"}],"wp:attachment":[{"href":"https:\/\/dori-go.com\/index.php\/wp-json\/wp\/v2\/media?parent=6976"}],"wp:term":[{"taxonomy":"category","embeddable":true,"href":"https:\/\/dori-go.com\/index.php\/wp-json\/wp\/v2\/categories?post=6976"},{"taxonomy":"post_tag","embeddable":true,"href":"https:\/\/dori-go.com\/index.php\/wp-json\/wp\/v2\/tags?post=6976"}],"curies":[{"name":"wp","href":"https:\/\/api.w.org\/{rel}","templated":true}]}}