{"id":6799,"date":"2024-06-20T08:00:00","date_gmt":"2024-06-20T08:00:00","guid":{"rendered":"https:\/\/dori-go.com\/?p=6799"},"modified":"2024-05-28T13:26:50","modified_gmt":"2024-05-28T13:26:50","slug":"arbeitsintegration-zur-bekaempfung-des-fachkraeftemangels","status":"publish","type":"post","link":"https:\/\/dori-go.com\/index.php\/arbeitsintegration-zur-bekaempfung-des-fachkraeftemangels\/","title":{"rendered":"Arbeitsintegration zur Bek\u00e4mpfung des Fachkr\u00e4ftemangels"},"content":{"rendered":"\n<p>In der heutigen schnelllebigen Arbeitswelt steht die Schweiz vor einer doppelten Herausforderung: dem demografischen Wandel und dem daraus resultierenden Fachkr\u00e4ftemangel. Dieser Mangel an qualifizierten Arbeitskr\u00e4ften bedroht nicht nur das Wirtschaftswachstum, sondern auch die Innovationsf\u00e4higkeit unserer Unternehmen. Hier kommt die Arbeitsintegration ins Spiel, die als Schl\u00fcsselstrategie dient, um diese Herausforderungen effektiv zu bew\u00e4ltigen.<\/p>\n\n\n\n<div style=\"height:40px\" aria-hidden=\"true\" class=\"wp-block-spacer\"><\/div>\n\n\n\n<h3 class=\"wp-block-heading\"><strong>Die Br\u00fccke zwischen Talenten und Unternehmen<\/strong><\/h3>\n\n\n\n<p>Die Dorigo AG steht im Zentrum des klassischen Recruitings und der Arbeitsintegration. Wir haben die einzigartige Position, beide Seiten &#8211; Unternehmen und arbeitssuchende Fachkr\u00e4fte &#8211; zu verstehen und zu verbinden. Die Arbeitsintegration bietet nicht nur eine L\u00f6sung f\u00fcr den Fachkr\u00e4ftemangel, sondern f\u00f6rdert auch eine inklusivere Wirtschaft.<\/p>\n\n\n\n<div style=\"height:40px\" aria-hidden=\"true\" class=\"wp-block-spacer\"><\/div>\n\n\n\n<h3 class=\"wp-block-heading\"><strong>Reintegration: Ein ungenutztes Potenzial<\/strong><\/h3>\n\n\n\n<p>Viele qualifizierte Fachkr\u00e4fte befinden sich in einer Phase der Arbeitslosigkeit und sind aktiv auf der Suche nach neuen Herausforderungen. Unsere Aufgabe ist es, diese Talente nicht nur zu identifizieren, sondern sie auch gezielt zu f\u00f6rdern und in den Arbeitsmarkt zu reintegrieren. Durch Ma\u00dfnahmen wie Weiterbildungs- und Umschulungsprogramme werden sie auf die aktuellen Marktanforderungen vorbereitet und erh\u00f6hen ihre Wettbewerbsf\u00e4higkeit. Individuelle Karriereberatungen und Coachings helfen Arbeitssuchenden, neue berufliche M\u00f6glichkeiten zu entdecken, die ihren F\u00e4higkeiten und Interessen entsprechen.<\/p>\n\n\n\n<div style=\"height:41px\" aria-hidden=\"true\" class=\"wp-block-spacer\"><\/div>\n\n\n\n<h3 class=\"wp-block-heading\"><strong>F\u00fcr Unternehmen: Flexible Einstellungspraktiken und \u00f6konomische \u00dcberlegungen<\/strong><\/h3>\n\n\n\n<p>Unternehmen sind angehalten, ihre Einstellungspraktiken zu \u00fcberdenken, nicht zuletzt wegen der finanziellen und operativen Kosten, die durch unbesetzte Stellen entstehen. Die &#171;Cost of Vacancy&#187;, also die Kosten einer unbesetzten Stelle, k\u00f6nnen erheblich sein. Lange Vakanzen f\u00fchren nicht nur zu verpassten Gesch\u00e4ftsm\u00f6glichkeiten, sondern auch zu einer erh\u00f6hten Belastung f\u00fcr die bestehenden Teams, was wiederum die Produktivit\u00e4t und Arbeitsmoral beeintr\u00e4chtigen kann. Hinzu kommt der &#171;Time to Hire&#187;, der Zeitraum, der ben\u00f6tigt wird, um eine Stelle zu besetzen. Oft ist es kosteneffizienter und strategisch sinnvoller, in die Entwicklung und F\u00f6rderung eines Mitarbeiters zu investieren, der vielleicht nicht sofort alle Anforderungen erf\u00fcllt, als lange auf den &#171;perfekten&#187; Kandidaten zu warten.<\/p>\n\n\n\n<div style=\"height:21px\" aria-hidden=\"true\" class=\"wp-block-spacer\"><\/div>\n\n\n\n<p>Potenzielle Kandidaten sollten daher nicht aufgrund ihres aktuellen Besch\u00e4ftigungsstatus \u00fcbersehen werden. Erfahrung, Wille und Kompetenz sind oft wertvoller als die kontinuierliche Erwerbst\u00e4tigkeit. Durch flexibles Denken bei der Rekrutierung k\u00f6nnen Unternehmen nicht nur ihre Teams st\u00e4rken, sondern auch soziale Verantwortung zeigen. Dies beinhaltet die Bereitschaft, in die Weiterbildung und Einarbeitung von Fachkr\u00e4ften zu investieren, die aus der Arbeitslosigkeit kommen oder die aus anderen Gr\u00fcnden am Arbeitsmarkt unterrepr\u00e4sentiert sind.<\/p>\n\n\n\n<div style=\"height:39px\" aria-hidden=\"true\" class=\"wp-block-spacer\"><\/div>\n\n\n\n<h3 class=\"wp-block-heading\"><strong>F\u00fcr Arbeitssuchende: Die entscheidende Rolle des Coachings bei der Arbeitsintegration<\/strong><\/h3>\n\n\n\n<p>Ein effektives Coaching-Programm beginnt mit einer umfassenden Standortbestimmung und Potenzialanalyse. Diese initiale Phase ist entscheidend, um Arbeitssuchende dort abzuholen, wo sie stehen. Indem wir ihre aktuellen F\u00e4higkeiten und Entwicklungsm\u00f6glichkeiten erkennen, legen wir den Grundstein f\u00fcr eine erfolgreiche Reintegration in den Arbeitsmarkt.<\/p>\n\n\n\n<div style=\"height:20px\" aria-hidden=\"true\" class=\"wp-block-spacer\"><\/div>\n\n\n\n<p>Die darauffolgende Laufbahnberatung ist ein weiterer kritischer Schritt im Coaching-Prozess. In dieser Phase entscheiden die Personen auf Basis ihrer Qualifikationen und Potenziale, welche Laufbahnoptionen realistisch und erstrebenswert sind. Dies ist kein einfacher Prozess und erfordert eine pr\u00e4zise und empathische Begleitung.<\/p>\n\n\n\n<div style=\"height:22px\" aria-hidden=\"true\" class=\"wp-block-spacer\"><\/div>\n\n\n\n<p>Ein weiterer zentraler Aspekt der Begleitung von Arbeitssuchenden ist das Bewerbungs- und Interviewtraining. Erfolgreiches Bewerben ist eine F\u00e4higkeit, die erlernt werden kann und muss. Durch gezieltes Training st\u00e4rken wir die Selbstpr\u00e4sentationsf\u00e4higkeiten der Kandidaten, wodurch ihre Chancen auf eine erfolgreiche Anstellung signifikant steigen.<\/p>\n\n\n\n<div style=\"height:20px\" aria-hidden=\"true\" class=\"wp-block-spacer\"><\/div>\n\n\n\n<p>Damit die Integration nicht nur erfolgt, sondern auch nachhaltig erfolgreich ist, ist eine weiterf\u00fchrende Begleitung sinnvoll. Dies geschieht sowohl im Unternehmen durch interne Mentoren als auch durch uns als externe Coaches. Diese doppelte Unterst\u00fctzung gew\u00e4hrleistet, dass die Integration nicht nur oberfl\u00e4chlich erfolgt, sondern tiefgreifend und dauerhaft verankert wird.<\/p>\n\n\n\n<div style=\"height:20px\" aria-hidden=\"true\" class=\"wp-block-spacer\"><\/div>\n\n\n\n<p>Unser modularer Ansatz erm\u00f6glicht es uns, flexibel auf die Bed\u00fcrfnisse jedes Einzelnen einzugehen und einen massgeschneiderten Plan anzubieten. Dieser ganzheitliche und individuelle Ansatz ist nicht nur ein entscheidender Faktor f\u00fcr den Erfolg unserer Kandidaten, sondern auch ein klares Bekenntnis zur sozialen Verantwortung unseres Unternehmens.<\/p>\n\n\n\n<div style=\"height:41px\" aria-hidden=\"true\" class=\"wp-block-spacer\"><\/div>\n\n\n\n<h3 class=\"wp-block-heading\"><strong>Zusammenarbeit zwischen Arbeitsintegration und Wirtschaft<\/strong><\/h3>\n\n\n\n<p>Ein weiterer wichtiger Aspekt ist die enge Zusammenarbeit zwischen der Welt der Arbeitsintegration und der Wirtschaft. Ein intensiverer Dialog und ein besseres Verst\u00e4ndnis der Bed\u00fcrfnisse beider Seiten tr\u00e4gt dazu bei, die Kluft zwischen den Erwartungen der Unternehmen und den Qualifikationen der Arbeitsuchenden zu schliessen.<\/p>\n\n\n\n<div style=\"height:41px\" aria-hidden=\"true\" class=\"wp-block-spacer\"><\/div>\n\n\n\n<h3 class=\"wp-block-heading\"><strong>Fazit<\/strong><\/h3>\n\n\n\n<p>Die Arbeitsintegration ist nicht nur eine Antwort auf den Fachkr\u00e4ftemangel, sondern auch eine strategische Komponente der Unternehmensentwicklung und gesellschaftlichen Verantwortung. In diesen Prozessen haben wir die M\u00f6glichkeit, nachhaltige Ver\u00e4nderungen zu f\u00f6rdern und gleichzeitig zur wirtschaftlichen und sozialen Entwicklung beizutragen. Indem wir Br\u00fccken bauen und Integration vorantreiben, sichern wir die Zukunft unserer Wirtschaft und Gesellschaft.<\/p>\n\n\n\n<div style=\"height:19px\" aria-hidden=\"true\" class=\"wp-block-spacer\"><\/div>\n\n\n\n<p>Als Dorigo AG sind wir mit dieser integrativen Herangehensweise nicht nur am Puls der Zeit, sondern gestalten ihn aktiv mit. Wir sind \u00fcberzeugt, dass durch die Zusammenarbeit aller Beteiligten der Fachkr\u00e4ftemangel effektiv bek\u00e4mpft werden kann und die schweizerische Wirtschaft weiterhin florieren wird.<\/p>\n","protected":false},"excerpt":{"rendered":"<p>In der heutigen schnelllebigen Arbeitswelt steht die Schweiz vor einer doppelten Herausforderung: dem demografischen Wandel und dem daraus resultierenden Fachkr\u00e4ftemangel. Dieser Mangel an qualifizierten Arbeitskr\u00e4ften bedroht nicht nur das Wirtschaftswachstum, sondern auch die Innovationsf\u00e4higkeit unserer Unternehmen. Hier kommt die Arbeitsintegration ins Spiel, die als Schl\u00fcsselstrategie dient, um diese Herausforderungen effektiv zu bew\u00e4ltigen. Die Br\u00fccke zwischen [&hellip;]<\/p>\n","protected":false},"author":3,"featured_media":6802,"comment_status":"open","ping_status":"open","sticky":false,"template":"","format":"standard","meta":{"ocean_post_layout":"","ocean_both_sidebars_style":"","ocean_both_sidebars_content_width":0,"ocean_both_sidebars_sidebars_width":0,"ocean_sidebar":"","ocean_second_sidebar":"","ocean_disable_margins":"enable","ocean_add_body_class":"","ocean_shortcode_before_top_bar":"","ocean_shortcode_after_top_bar":"","ocean_shortcode_before_header":"","ocean_shortcode_after_header":"","ocean_has_shortcode":"","ocean_shortcode_after_title":"","ocean_shortcode_before_footer_widgets":"","ocean_shortcode_after_footer_widgets":"","ocean_shortcode_before_footer_bottom":"","ocean_shortcode_after_footer_bottom":"","ocean_display_top_bar":"default","ocean_display_header":"default","ocean_header_style":"","ocean_center_header_left_menu":"","ocean_custom_header_template":"","ocean_custom_logo":0,"ocean_custom_retina_logo":0,"ocean_custom_logo_max_width":0,"ocean_custom_logo_tablet_max_width":0,"ocean_custom_logo_mobile_max_width":0,"ocean_custom_logo_max_height":0,"ocean_custom_logo_tablet_max_height":0,"ocean_custom_logo_mobile_max_height":0,"ocean_header_custom_menu":"","ocean_menu_typo_font_family":"","ocean_menu_typo_font_subset":"","ocean_menu_typo_font_size":0,"ocean_menu_typo_font_size_tablet":0,"ocean_menu_typo_font_size_mobile":0,"ocean_menu_typo_font_size_unit":"px","ocean_menu_typo_font_weight":"","ocean_menu_typo_font_weight_tablet":"","ocean_menu_typo_font_weight_mobile":"","ocean_menu_typo_transform":"","ocean_menu_typo_transform_tablet":"","ocean_menu_typo_transform_mobile":"","ocean_menu_typo_line_height":0,"ocean_menu_typo_line_height_tablet":0,"ocean_menu_typo_line_height_mobile":0,"ocean_menu_typo_line_height_unit":"","ocean_menu_typo_spacing":0,"ocean_menu_typo_spacing_tablet":0,"ocean_menu_typo_spacing_mobile":0,"ocean_menu_typo_spacing_unit":"","ocean_menu_link_color":"","ocean_menu_link_color_hover":"","ocean_menu_link_color_active":"","ocean_menu_link_background":"","ocean_menu_link_hover_background":"","ocean_menu_link_active_background":"","ocean_menu_social_links_bg":"","ocean_menu_social_hover_links_bg":"","ocean_menu_social_links_color":"","ocean_menu_social_hover_links_color":"","ocean_disable_title":"default","ocean_disable_heading":"default","ocean_post_title":"","ocean_post_subheading":"","ocean_post_title_style":"","ocean_post_title_background_color":"","ocean_post_title_background":0,"ocean_post_title_bg_image_position":"","ocean_post_title_bg_image_attachment":"","ocean_post_title_bg_image_repeat":"","ocean_post_title_bg_image_size":"","ocean_post_title_height":0,"ocean_post_title_bg_overlay":0.5,"ocean_post_title_bg_overlay_color":"","ocean_disable_breadcrumbs":"default","ocean_breadcrumbs_color":"","ocean_breadcrumbs_separator_color":"","ocean_breadcrumbs_links_color":"","ocean_breadcrumbs_links_hover_color":"","ocean_display_footer_widgets":"default","ocean_display_footer_bottom":"default","ocean_custom_footer_template":"","ocean_post_oembed":"","ocean_post_self_hosted_media":"","ocean_post_video_embed":"","ocean_link_format":"","ocean_link_format_target":"self","ocean_quote_format":"","ocean_quote_format_link":"post","ocean_gallery_link_images":"on","ocean_gallery_id":[],"footnotes":""},"categories":[279,63],"tags":[],"class_list":["post-6799","post","type-post","status-publish","format-standard","has-post-thumbnail","hentry","category-arbeitsintegration","category-executive-search","entry","has-media"],"_links":{"self":[{"href":"https:\/\/dori-go.com\/index.php\/wp-json\/wp\/v2\/posts\/6799","targetHints":{"allow":["GET"]}}],"collection":[{"href":"https:\/\/dori-go.com\/index.php\/wp-json\/wp\/v2\/posts"}],"about":[{"href":"https:\/\/dori-go.com\/index.php\/wp-json\/wp\/v2\/types\/post"}],"author":[{"embeddable":true,"href":"https:\/\/dori-go.com\/index.php\/wp-json\/wp\/v2\/users\/3"}],"replies":[{"embeddable":true,"href":"https:\/\/dori-go.com\/index.php\/wp-json\/wp\/v2\/comments?post=6799"}],"version-history":[{"count":4,"href":"https:\/\/dori-go.com\/index.php\/wp-json\/wp\/v2\/posts\/6799\/revisions"}],"predecessor-version":[{"id":6805,"href":"https:\/\/dori-go.com\/index.php\/wp-json\/wp\/v2\/posts\/6799\/revisions\/6805"}],"wp:featuredmedia":[{"embeddable":true,"href":"https:\/\/dori-go.com\/index.php\/wp-json\/wp\/v2\/media\/6802"}],"wp:attachment":[{"href":"https:\/\/dori-go.com\/index.php\/wp-json\/wp\/v2\/media?parent=6799"}],"wp:term":[{"taxonomy":"category","embeddable":true,"href":"https:\/\/dori-go.com\/index.php\/wp-json\/wp\/v2\/categories?post=6799"},{"taxonomy":"post_tag","embeddable":true,"href":"https:\/\/dori-go.com\/index.php\/wp-json\/wp\/v2\/tags?post=6799"}],"curies":[{"name":"wp","href":"https:\/\/api.w.org\/{rel}","templated":true}]}}