{"id":6279,"date":"2023-04-04T16:51:23","date_gmt":"2023-04-04T16:51:23","guid":{"rendered":"https:\/\/dori-go.com\/?p=6279"},"modified":"2023-04-04T16:51:25","modified_gmt":"2023-04-04T16:51:25","slug":"4-punkte-die-eine-re-integration-in-den-1-arbeitsmarkt-verhindern","status":"publish","type":"post","link":"https:\/\/dori-go.com\/index.php\/4-punkte-die-eine-re-integration-in-den-1-arbeitsmarkt-verhindern\/","title":{"rendered":"4 Punkte, die eine (Re-)Integration in den 1. Arbeitsmarkt verhindern."},"content":{"rendered":"\n<p>Zwischen dem 1. Arbeitsmarkt und der Welt der Arbeitsintegration klafft eine Schlucht. N\u00e4her eingegangen sind wir auf dieses Thema bereits in unserem Blogbeitrag \u201cDie Erwerbslosenquote und der Fachkr\u00e4ftemangel\u201d (<a href=\"https:\/\/dori-go.com\/index.php\/die-erwerbslosenquote-und-der-fachkraeftemangel\/\">https:\/\/dori-go.com\/index.php\/die-erwerbslosenquote-und-der-fachkraeftemangel\/<\/a> ).<\/p>\n\n\n\n<div style=\"height:26px\" aria-hidden=\"true\" class=\"wp-block-spacer\"><\/div>\n\n\n\n<p>In den letzten Jahren konnten wir sowohl in der Rekrutierung als auch in der Arbeitsintegration parallel aktiv sein und die wesentlichen Probleme bei der Zusammenf\u00fchrung identifizieren und \u00fcberwinden.<\/p>\n\n\n\n<div style=\"height:26px\" aria-hidden=\"true\" class=\"wp-block-spacer\"><\/div>\n\n\n\n<p>Das Scheitern einer erfolgsversprechenden (Re-)integration in den 1. Arbeitsmarkt l\u00e4sst sich immer auf eine der folgenden 4 Fehler bei der Begleitung von Klient:innen zur\u00fcckf\u00fchren:<\/p>\n\n\n\n<div style=\"height:26px\" aria-hidden=\"true\" class=\"wp-block-spacer\"><\/div>\n\n\n\n<p><strong>1. Das Giesskannenprinzip<\/strong><\/p>\n\n\n\n<div style=\"height:26px\" aria-hidden=\"true\" class=\"wp-block-spacer\"><\/div>\n\n\n\n<p>Viele verschiedene Klient:innen mit unterschiedlichen Voraussetzungen und Rahmenbedigungen durchlaufen den gleichen oder zumindest einen sehr \u00e4hnlichen Massnahmenkatalog. Solche generalsierten Methoden werden sowohl in der Vorbereitungen von Klient:innen, als auch in der eigentlichen Begleitung sehr oft genutzt.<\/p>\n\n\n\n<div style=\"height:26px\" aria-hidden=\"true\" class=\"wp-block-spacer\"><\/div>\n\n\n\n<p>Betrachtet man den \/ die einzelnen Klient:in, trifft der Massnahmenkatalog allerdings viel zu oft nicht den konkreten Bedarf. Im schlimmsten Fall erf\u00e4hrt der \/ die Klient:in eine weitere Demotivation durch die unpassende Massnahme.<\/p>\n\n\n\n<div style=\"height:26px\" aria-hidden=\"true\" class=\"wp-block-spacer\"><\/div>\n\n\n\n<p><strong>2. Coaches ohne Rekrutierungskompetenz<\/strong><\/p>\n\n\n\n<div style=\"height:26px\" aria-hidden=\"true\" class=\"wp-block-spacer\"><\/div>\n\n\n\n<p>Es gibt eine Vielzahl hervorragender Coaches, die sich auf dem Markt der Arbeitsintegration bewegen. Trotzdem sind eine Vielzahl der Klient:innen nicht erfolgreich und werden letztendlich im 2. Arbeitsmarkt platziert.<\/p>\n\n\n\n<div style=\"height:26px\" aria-hidden=\"true\" class=\"wp-block-spacer\"><\/div>\n\n\n\n<p>Ein exzellenter Coach verf\u00fcgt nicht automatisch \u00fcber Rekrutierungskompetenz. Den Coaches fehlt der Bezug zum 1. Arbeitsmarkt und das Wissen um dessen Rekrutierungs- und Organisationsprozesse.<\/p>\n\n\n\n<div style=\"height:26px\" aria-hidden=\"true\" class=\"wp-block-spacer\"><\/div>\n\n\n\n<p><strong>3. Starre Massnahmenplanung<\/strong><\/p>\n\n\n\n<div style=\"height:26px\" aria-hidden=\"true\" class=\"wp-block-spacer\"><\/div>\n\n\n\n<p>Gerade in der Arbeitsintegration fehlt oftmals Flexibilit\u00e4t. Ver\u00e4nderte Lebenssituationen und pers\u00f6nliche Herausforderungen von Klient:innen, die sich innerhalb des Prozesses ergeben, werden nicht ber\u00fccksichtigt. Der Fahrplan wird gnadenlos weiter eingehalten.<\/p>\n\n\n\n<div style=\"height:26px\" aria-hidden=\"true\" class=\"wp-block-spacer\"><\/div>\n\n\n\n<p>In den meisten F\u00e4llen zeigen sich Schwachstellen f\u00fcr einzelne Klient:innen innerhalb der Massnahme bereits sehr fr\u00fch im Prozess. Hier m\u00fcssen agile Methoden zum Einsatz kommen, so dass \u00c4nderungen oder neue Erkenntnisse nicht \u00fcbergangen werden, sondern unmittelbar Ber\u00fccksichtigung finden.<\/p>\n\n\n\n<div style=\"height:26px\" aria-hidden=\"true\" class=\"wp-block-spacer\"><\/div>\n\n\n\n<p><strong>4. Arbeitsvertrag als finales Ziel<\/strong><\/p>\n\n\n\n<div style=\"height:26px\" aria-hidden=\"true\" class=\"wp-block-spacer\"><\/div>\n\n\n\n<p>Oftmals endet die Begleitung der Klient:innen nach der Vermittlung sehr abrupt. Die Nachhaltigkeit ist an dieser Stelle oftmals nicht sichergestellt und das neue Arbeitsverh\u00e4ltnis hat ein wackeliges Fundament.<\/p>\n\n\n\n<div style=\"height:26px\" aria-hidden=\"true\" class=\"wp-block-spacer\"><\/div>\n\n\n\n<p>Klient:innen finden meist nicht unmittelbar in Ihren neuen Alltag. Sie m\u00fcssen oftmals erst wieder lernen mit Frustrationen, Kritik und R\u00fcckschl\u00e4gen umzugehen. Sie m\u00fcssen sich in die Unternehmensstukturen und die -kultur einfinden.<\/p>\n\n\n\n<div style=\"height:26px\" aria-hidden=\"true\" class=\"wp-block-spacer\"><\/div>\n\n\n\n<p>Viel zu oft werden die in der Vorbereitung erlernten Massnahmen dabei in der Praxis nicht weiter gefestigt und im Alltag verankert.<\/p>\n\n\n\n<div style=\"height:26px\" aria-hidden=\"true\" class=\"wp-block-spacer\"><\/div>\n\n\n\n<p>Wie sind Ihre Erfahrungen? Welche Fehler beobachten Sie bei einzelnen Klient:innen?<\/p>\n\n\n\n<div style=\"height:26px\" aria-hidden=\"true\" class=\"wp-block-spacer\"><\/div>\n\n\n\n<p>Wie wir die genannten Probleme l\u00f6sen und damit sehr viele Klient:innen erfolgreich in den ersten Arbeitsmarkt begleiten k\u00f6nnen, erfahren Sie in unserem PDF:<\/p>\n\n\n\n<div style=\"height:26px\" aria-hidden=\"true\" class=\"wp-block-spacer\"><\/div>\n\n\n\n<div class=\"_form_4\"><\/div><script src=\"https:\/\/dorigo.activehosted.com\/f\/embed.php?id=4\" type=\"text\/javascript\" charset=\"utf-8\"><\/script>\n","protected":false},"excerpt":{"rendered":"<p>Zwischen dem 1. Arbeitsmarkt und der Welt der Arbeitsintegration klafft eine Schlucht. N\u00e4her eingegangen sind wir auf dieses Thema bereits in unserem Blogbeitrag \u201cDie Erwerbslosenquote und der Fachkr\u00e4ftemangel\u201d (https:\/\/dori-go.com\/index.php\/die-erwerbslosenquote-und-der-fachkraeftemangel\/ ). In den letzten Jahren konnten wir sowohl in der Rekrutierung als auch in der Arbeitsintegration parallel aktiv sein und die wesentlichen Probleme bei der Zusammenf\u00fchrung [&hellip;]<\/p>\n","protected":false},"author":3,"featured_media":6280,"comment_status":"open","ping_status":"open","sticky":false,"template":"","format":"standard","meta":{"ocean_post_layout":"","ocean_both_sidebars_style":"","ocean_both_sidebars_content_width":0,"ocean_both_sidebars_sidebars_width":0,"ocean_sidebar":"0","ocean_second_sidebar":"0","ocean_disable_margins":"enable","ocean_add_body_class":"","ocean_shortcode_before_top_bar":"","ocean_shortcode_after_top_bar":"","ocean_shortcode_before_header":"","ocean_shortcode_after_header":"","ocean_has_shortcode":"","ocean_shortcode_after_title":"","ocean_shortcode_before_footer_widgets":"","ocean_shortcode_after_footer_widgets":"","ocean_shortcode_before_footer_bottom":"","ocean_shortcode_after_footer_bottom":"","ocean_display_top_bar":"default","ocean_display_header":"default","ocean_header_style":"","ocean_center_header_left_menu":"0","ocean_custom_header_template":"0","ocean_custom_logo":0,"ocean_custom_retina_logo":0,"ocean_custom_logo_max_width":0,"ocean_custom_logo_tablet_max_width":0,"ocean_custom_logo_mobile_max_width":0,"ocean_custom_logo_max_height":0,"ocean_custom_logo_tablet_max_height":0,"ocean_custom_logo_mobile_max_height":0,"ocean_header_custom_menu":"0","ocean_menu_typo_font_family":"0","ocean_menu_typo_font_subset":"","ocean_menu_typo_font_size":0,"ocean_menu_typo_font_size_tablet":0,"ocean_menu_typo_font_size_mobile":0,"ocean_menu_typo_font_size_unit":"px","ocean_menu_typo_font_weight":"","ocean_menu_typo_font_weight_tablet":"","ocean_menu_typo_font_weight_mobile":"","ocean_menu_typo_transform":"","ocean_menu_typo_transform_tablet":"","ocean_menu_typo_transform_mobile":"","ocean_menu_typo_line_height":0,"ocean_menu_typo_line_height_tablet":0,"ocean_menu_typo_line_height_mobile":0,"ocean_menu_typo_line_height_unit":"","ocean_menu_typo_spacing":0,"ocean_menu_typo_spacing_tablet":0,"ocean_menu_typo_spacing_mobile":0,"ocean_menu_typo_spacing_unit":"","ocean_menu_link_color":"","ocean_menu_link_color_hover":"","ocean_menu_link_color_active":"","ocean_menu_link_background":"","ocean_menu_link_hover_background":"","ocean_menu_link_active_background":"","ocean_menu_social_links_bg":"","ocean_menu_social_hover_links_bg":"","ocean_menu_social_links_color":"","ocean_menu_social_hover_links_color":"","ocean_disable_title":"default","ocean_disable_heading":"default","ocean_post_title":"","ocean_post_subheading":"","ocean_post_title_style":"","ocean_post_title_background_color":"","ocean_post_title_background":0,"ocean_post_title_bg_image_position":"","ocean_post_title_bg_image_attachment":"","ocean_post_title_bg_image_repeat":"","ocean_post_title_bg_image_size":"","ocean_post_title_height":0,"ocean_post_title_bg_overlay":0.5,"ocean_post_title_bg_overlay_color":"","ocean_disable_breadcrumbs":"default","ocean_breadcrumbs_color":"","ocean_breadcrumbs_separator_color":"","ocean_breadcrumbs_links_color":"","ocean_breadcrumbs_links_hover_color":"","ocean_display_footer_widgets":"default","ocean_display_footer_bottom":"default","ocean_custom_footer_template":"0","ocean_post_oembed":"","ocean_post_self_hosted_media":"","ocean_post_video_embed":"","ocean_link_format":"","ocean_link_format_target":"self","ocean_quote_format":"","ocean_quote_format_link":"post","ocean_gallery_link_images":"off","ocean_gallery_id":[],"footnotes":""},"categories":[279],"tags":[],"class_list":["post-6279","post","type-post","status-publish","format-standard","has-post-thumbnail","hentry","category-arbeitsintegration","entry","has-media"],"_links":{"self":[{"href":"https:\/\/dori-go.com\/index.php\/wp-json\/wp\/v2\/posts\/6279","targetHints":{"allow":["GET"]}}],"collection":[{"href":"https:\/\/dori-go.com\/index.php\/wp-json\/wp\/v2\/posts"}],"about":[{"href":"https:\/\/dori-go.com\/index.php\/wp-json\/wp\/v2\/types\/post"}],"author":[{"embeddable":true,"href":"https:\/\/dori-go.com\/index.php\/wp-json\/wp\/v2\/users\/3"}],"replies":[{"embeddable":true,"href":"https:\/\/dori-go.com\/index.php\/wp-json\/wp\/v2\/comments?post=6279"}],"version-history":[{"count":2,"href":"https:\/\/dori-go.com\/index.php\/wp-json\/wp\/v2\/posts\/6279\/revisions"}],"predecessor-version":[{"id":6282,"href":"https:\/\/dori-go.com\/index.php\/wp-json\/wp\/v2\/posts\/6279\/revisions\/6282"}],"wp:featuredmedia":[{"embeddable":true,"href":"https:\/\/dori-go.com\/index.php\/wp-json\/wp\/v2\/media\/6280"}],"wp:attachment":[{"href":"https:\/\/dori-go.com\/index.php\/wp-json\/wp\/v2\/media?parent=6279"}],"wp:term":[{"taxonomy":"category","embeddable":true,"href":"https:\/\/dori-go.com\/index.php\/wp-json\/wp\/v2\/categories?post=6279"},{"taxonomy":"post_tag","embeddable":true,"href":"https:\/\/dori-go.com\/index.php\/wp-json\/wp\/v2\/tags?post=6279"}],"curies":[{"name":"wp","href":"https:\/\/api.w.org\/{rel}","templated":true}]}}