{"id":6221,"date":"2023-03-14T07:21:35","date_gmt":"2023-03-14T07:21:35","guid":{"rendered":"https:\/\/dori-go.com\/?p=6221"},"modified":"2023-03-14T07:25:38","modified_gmt":"2023-03-14T07:25:38","slug":"die-erwerbslosenquote-und-der-fachkraeftemangel","status":"publish","type":"post","link":"https:\/\/dori-go.com\/index.php\/die-erwerbslosenquote-und-der-fachkraeftemangel\/","title":{"rendered":"<strong>Die Erwerbslosenquote und der Fachkr\u00e4ftemangel<\/strong>"},"content":{"rendered":"\n<p><strong>Der 1. Arbeitsmarkt und der Fachkr\u00e4ftemangel<\/strong><\/p>\n\n\n\n<div style=\"height:31px\" aria-hidden=\"true\" class=\"wp-block-spacer\"><\/div>\n\n\n\n<p>Die Arbeitswelt wird vom Fachkr\u00e4ftemangel und der Digitalisierung beherrscht. Immer mehr Unternehmen stehen vor der grossen Herausforderung, kein passendes Personal f\u00fcr Ihre Vakanzen zu finden. Die bestehenden Mitarbeitenden stehen einer immer h\u00f6heren Arbeitslast gegen\u00fcber. In der Folge geht nicht nur der Raum f\u00fcr Weiterentwicklung und ein gutes Ver\u00e4nderungsmanagement im Rahmen der Digitalisierung verloren, sondern viele Arbeitnehmer leiden unter einer starken \u00dcberlastung und sp\u00fcren die gesundheitlichen Folgen.<\/p>\n\n\n\n<div style=\"height:31px\" aria-hidden=\"true\" class=\"wp-block-spacer\"><\/div>\n\n\n\n<p>Weitere Ausf\u00e4lle f\u00fchren zu neuen Vakanzen, die wiederum nur sehr schwer zu besetzen sind. Um diesem Problem entgegenzuwirken, setzen Unternehmen vermehrt auf ein gutes Coaching. Die Mitarbeitenden sollen ihre Resilienz erh\u00f6hen und ihr Stressmanagement verbessern. Innovative Planungs- und Organisationsans\u00e4tze sollen mehr Arbeit in weniger Zeit erm\u00f6glichen.<\/p>\n\n\n\n<div style=\"height:31px\" aria-hidden=\"true\" class=\"wp-block-spacer\"><\/div>\n\n\n\n<p>Lassen Sie uns diese deutliche Abw\u00e4rtsspirale hier nicht weiter ausf\u00fchren. Fakt ist: Die Antwort auf ein organisationsbezogenes Problem wie Unterbesetzung kann nicht &#171;weg-gecoacht&#187; werden. Vielleicht halten die Mitarbeitenden bei guten Ans\u00e4tzen etwas l\u00e4nger durch, doch dem grunds\u00e4tzlichen Problem wird damit nicht begegnet.<\/p>\n\n\n\n<div style=\"height:31px\" aria-hidden=\"true\" class=\"wp-block-spacer\"><\/div>\n\n\n\n<p><strong>Entwicklung der Erwerbslosenquote<\/strong><\/p>\n\n\n\n<div style=\"height:31px\" aria-hidden=\"true\" class=\"wp-block-spacer\"><\/div>\n\n\n\n<p>Die Erwerbslosenquote nach internationalem Standard war mit 5,1 % f\u00fcr das Jahr 2021 auf dem h\u00f6chsten Stand der vergangenen 10 Jahre. Zwar ist zu erwarten, dass die Zahlen f\u00fcr 2022 milder ausfallen, dennoch werden Sie uns zustimmen, dass die t\u00e4gliche Arbeitslast auf den Sozial\u00e4mtern dadurch nicht unbedingt kleiner wird.<\/p>\n\n\n\n<div style=\"height:31px\" aria-hidden=\"true\" class=\"wp-block-spacer\"><\/div>\n\n\n\n<figure class=\"wp-block-image size-full\"><img fetchpriority=\"high\" decoding=\"async\" width=\"698\" height=\"421\" src=\"https:\/\/dori-go.com\/wp-content\/uploads\/2023\/03\/image.png\" alt=\"\" class=\"wp-image-6222\" srcset=\"https:\/\/dori-go.com\/wp-content\/uploads\/2023\/03\/image.png 698w, https:\/\/dori-go.com\/wp-content\/uploads\/2023\/03\/image-300x181.png 300w\" sizes=\"(max-width: 698px) 100vw, 698px\" \/><figcaption class=\"wp-element-caption\"><em>Quelle: https:\/\/de.statista.com\/statistik\/daten\/studie\/17329\/umfrage\/arbeitslosenquote-in-der-schweiz\/<\/em><\/figcaption><\/figure>\n\n\n\n<div style=\"height:31px\" aria-hidden=\"true\" class=\"wp-block-spacer\"><\/div>\n\n\n\n<p>Als Rekrutierungsexperten mit umfassenden Erfahrungen im Bereich der Personalgewinnung, haben wir uns daher die Frage gestellt, wie diese Entwicklungen parallel m\u00f6glich sind.<\/p>\n\n\n\n<div style=\"height:31px\" aria-hidden=\"true\" class=\"wp-block-spacer\"><\/div>\n\n\n\n<p>Wir sind davon \u00fcberzeugt, dass es gelingen kann, dem Fachkr\u00e4ftemangel mit Hilfe der Integration oder Re-Integration auf dem 1. Arbeitsmarkt sp\u00fcrbar entgegen zu wirken.<\/p>\n\n\n\n<div style=\"height:31px\" aria-hidden=\"true\" class=\"wp-block-spacer\"><\/div>\n\n\n\n<p>M\u00f6glich wird dies mit Hilfe der bedarfsgerechten Vorbereitung und Schulung der Arbeitssuchenden in der Schweiz.<\/p>\n\n\n\n<div style=\"height:31px\" aria-hidden=\"true\" class=\"wp-block-spacer\"><\/div>\n\n\n\n<p><strong>Die L\u00fccke schliessen<\/strong><\/p>\n\n\n\n<div style=\"height:31px\" aria-hidden=\"true\" class=\"wp-block-spacer\"><\/div>\n\n\n\n<p>Zwischen dem 1. Arbeitsmarkt und der Welt der Arbeitsintegration klafft eine Schlucht. Regelm\u00e4ssig wird der Versuch unternommen, diese Schlucht mit (Re-)Integrationsmassnahmen des 2. Arbeitsmarktes zu schliessen. Wir sind uns sicher: Das kann nur selten gelingen.<\/p>\n\n\n\n<div style=\"height:31px\" aria-hidden=\"true\" class=\"wp-block-spacer\"><\/div>\n\n\n\n<p>In den letzten Jahren konnten wir auf beiden M\u00e4rkten parallel aktiv sein und die wesentlichen Probleme bei der Zusammenf\u00fchrung identifizieren und \u00fcberwinden.<\/p>\n\n\n\n<div style=\"height:31px\" aria-hidden=\"true\" class=\"wp-block-spacer\"><\/div>\n\n\n\n<div style=\"height:31px\" aria-hidden=\"true\" class=\"wp-block-spacer\"><\/div>\n\n\n\n<p>Die <strong>Erfolgsquoten<\/strong> der durch uns betreuten Klienten und Klientinnen sprechen f\u00fcr sich:<\/p>\n\n\n\n<div class=\"wp-block-group\"><div class=\"wp-block-group__inner-container is-layout-constrained wp-block-group-is-layout-constrained\">\n<div style=\"height:31px\" aria-hidden=\"true\" class=\"wp-block-spacer\"><\/div>\n\n\n\n<p class=\"has-text-align-center\">Nach 3 Monaten arbeiten <strong>43 %<\/strong> wieder im 1. Arbeitsmarkt.<\/p>\n\n\n\n<p class=\"has-text-align-center\"><strong>68 %<\/strong> schaffen die (Re-)Integration in den ersten 6 Monaten.<\/p>\n<\/div><\/div>\n\n\n\n<div style=\"height:31px\" aria-hidden=\"true\" class=\"wp-block-spacer\"><\/div>\n\n\n\n<p>Um ein wirklich erfolgreiches Vorgehen zu entwickeln, stellten wir uns folgende Frage:<\/p>\n\n\n\n<ul class=\"wp-block-list\">\n<li>Warum scheitert die Arbeitsintegration in vielen F\u00e4llen?<\/li>\n\n\n\n<li>Was sind die wesentlichen Probleme im Bezug auf das herk\u00f6mmliche Vorgehen?<\/li>\n<\/ul>\n\n\n\n<div style=\"height:31px\" aria-hidden=\"true\" class=\"wp-block-spacer\"><\/div>\n\n\n\n<p>In unserer Information f\u00fcr Beauftragte der Arbeitsintegration gehen wir auf die 4 h\u00e4ufigsten Gr\u00fcnde f\u00fcr ein Scheitern ein und stellen unseren erfolgserprobten Weg vor.<\/p>\n\n\n\n<div style=\"height:31px\" aria-hidden=\"true\" class=\"wp-block-spacer\"><\/div>\n\n\n\n<p>Fordern Sie das PDF hier gleich an:<\/p>\n\n\n\n<div style=\"height:31px\" aria-hidden=\"true\" class=\"wp-block-spacer\"><\/div>\n\n\n\n<div class=\"_form_4\"><\/div><script src=\"https:\/\/dorigo.activehosted.com\/f\/embed.php?id=4\" type=\"text\/javascript\" charset=\"utf-8\"><\/script>\n","protected":false},"excerpt":{"rendered":"<p>Der 1. Arbeitsmarkt und der Fachkr\u00e4ftemangel Die Arbeitswelt wird vom Fachkr\u00e4ftemangel und der Digitalisierung beherrscht. Immer mehr Unternehmen stehen vor der grossen Herausforderung, kein passendes Personal f\u00fcr Ihre Vakanzen zu finden. Die bestehenden Mitarbeitenden stehen einer immer h\u00f6heren Arbeitslast gegen\u00fcber. In der Folge geht nicht nur der Raum f\u00fcr Weiterentwicklung und ein gutes Ver\u00e4nderungsmanagement im [&hellip;]<\/p>\n","protected":false},"author":3,"featured_media":6225,"comment_status":"open","ping_status":"open","sticky":false,"template":"","format":"standard","meta":{"ocean_post_layout":"","ocean_both_sidebars_style":"","ocean_both_sidebars_content_width":0,"ocean_both_sidebars_sidebars_width":0,"ocean_sidebar":"0","ocean_second_sidebar":"0","ocean_disable_margins":"enable","ocean_add_body_class":"","ocean_shortcode_before_top_bar":"","ocean_shortcode_after_top_bar":"","ocean_shortcode_before_header":"","ocean_shortcode_after_header":"","ocean_has_shortcode":"","ocean_shortcode_after_title":"","ocean_shortcode_before_footer_widgets":"","ocean_shortcode_after_footer_widgets":"","ocean_shortcode_before_footer_bottom":"","ocean_shortcode_after_footer_bottom":"","ocean_display_top_bar":"default","ocean_display_header":"default","ocean_header_style":"","ocean_center_header_left_menu":"0","ocean_custom_header_template":"0","ocean_custom_logo":0,"ocean_custom_retina_logo":0,"ocean_custom_logo_max_width":0,"ocean_custom_logo_tablet_max_width":0,"ocean_custom_logo_mobile_max_width":0,"ocean_custom_logo_max_height":0,"ocean_custom_logo_tablet_max_height":0,"ocean_custom_logo_mobile_max_height":0,"ocean_header_custom_menu":"0","ocean_menu_typo_font_family":"0","ocean_menu_typo_font_subset":"","ocean_menu_typo_font_size":0,"ocean_menu_typo_font_size_tablet":0,"ocean_menu_typo_font_size_mobile":0,"ocean_menu_typo_font_size_unit":"px","ocean_menu_typo_font_weight":"","ocean_menu_typo_font_weight_tablet":"","ocean_menu_typo_font_weight_mobile":"","ocean_menu_typo_transform":"","ocean_menu_typo_transform_tablet":"","ocean_menu_typo_transform_mobile":"","ocean_menu_typo_line_height":0,"ocean_menu_typo_line_height_tablet":0,"ocean_menu_typo_line_height_mobile":0,"ocean_menu_typo_line_height_unit":"","ocean_menu_typo_spacing":0,"ocean_menu_typo_spacing_tablet":0,"ocean_menu_typo_spacing_mobile":0,"ocean_menu_typo_spacing_unit":"","ocean_menu_link_color":"","ocean_menu_link_color_hover":"","ocean_menu_link_color_active":"","ocean_menu_link_background":"","ocean_menu_link_hover_background":"","ocean_menu_link_active_background":"","ocean_menu_social_links_bg":"","ocean_menu_social_hover_links_bg":"","ocean_menu_social_links_color":"","ocean_menu_social_hover_links_color":"","ocean_disable_title":"default","ocean_disable_heading":"default","ocean_post_title":"","ocean_post_subheading":"","ocean_post_title_style":"","ocean_post_title_background_color":"","ocean_post_title_background":0,"ocean_post_title_bg_image_position":"","ocean_post_title_bg_image_attachment":"","ocean_post_title_bg_image_repeat":"","ocean_post_title_bg_image_size":"","ocean_post_title_height":0,"ocean_post_title_bg_overlay":0.5,"ocean_post_title_bg_overlay_color":"","ocean_disable_breadcrumbs":"default","ocean_breadcrumbs_color":"","ocean_breadcrumbs_separator_color":"","ocean_breadcrumbs_links_color":"","ocean_breadcrumbs_links_hover_color":"","ocean_display_footer_widgets":"default","ocean_display_footer_bottom":"default","ocean_custom_footer_template":"0","ocean_post_oembed":"","ocean_post_self_hosted_media":"","ocean_post_video_embed":"","ocean_link_format":"","ocean_link_format_target":"self","ocean_quote_format":"","ocean_quote_format_link":"post","ocean_gallery_link_images":"off","ocean_gallery_id":[],"footnotes":""},"categories":[279],"tags":[],"class_list":["post-6221","post","type-post","status-publish","format-standard","has-post-thumbnail","hentry","category-arbeitsintegration","entry","has-media"],"_links":{"self":[{"href":"https:\/\/dori-go.com\/index.php\/wp-json\/wp\/v2\/posts\/6221","targetHints":{"allow":["GET"]}}],"collection":[{"href":"https:\/\/dori-go.com\/index.php\/wp-json\/wp\/v2\/posts"}],"about":[{"href":"https:\/\/dori-go.com\/index.php\/wp-json\/wp\/v2\/types\/post"}],"author":[{"embeddable":true,"href":"https:\/\/dori-go.com\/index.php\/wp-json\/wp\/v2\/users\/3"}],"replies":[{"embeddable":true,"href":"https:\/\/dori-go.com\/index.php\/wp-json\/wp\/v2\/comments?post=6221"}],"version-history":[{"count":6,"href":"https:\/\/dori-go.com\/index.php\/wp-json\/wp\/v2\/posts\/6221\/revisions"}],"predecessor-version":[{"id":6232,"href":"https:\/\/dori-go.com\/index.php\/wp-json\/wp\/v2\/posts\/6221\/revisions\/6232"}],"wp:featuredmedia":[{"embeddable":true,"href":"https:\/\/dori-go.com\/index.php\/wp-json\/wp\/v2\/media\/6225"}],"wp:attachment":[{"href":"https:\/\/dori-go.com\/index.php\/wp-json\/wp\/v2\/media?parent=6221"}],"wp:term":[{"taxonomy":"category","embeddable":true,"href":"https:\/\/dori-go.com\/index.php\/wp-json\/wp\/v2\/categories?post=6221"},{"taxonomy":"post_tag","embeddable":true,"href":"https:\/\/dori-go.com\/index.php\/wp-json\/wp\/v2\/tags?post=6221"}],"curies":[{"name":"wp","href":"https:\/\/api.w.org\/{rel}","templated":true}]}}