{"id":6213,"date":"2023-03-02T08:15:20","date_gmt":"2023-03-02T08:15:20","guid":{"rendered":"https:\/\/dori-go.com\/?p=6213"},"modified":"2023-03-02T08:17:05","modified_gmt":"2023-03-02T08:17:05","slug":"standortbestimmung-und-zielsetzung-in-der-arbeitsintegration","status":"publish","type":"post","link":"https:\/\/dori-go.com\/index.php\/standortbestimmung-und-zielsetzung-in-der-arbeitsintegration\/","title":{"rendered":"Standortbestimmung und Zielsetzung in der Arbeitsintegration"},"content":{"rendered":"\n<p>Zwischen Arbeitsintegration und dem 1. Arbeitsmarkt klafft eine L\u00fccke. Genauer gehen wir darauf in unserem PDF \u201cErfolgreiche (Re-)Integration in den 1. Arbeitsmarkt\u201d ein.<\/p>\n\n\n\n<div style=\"height:20px\" aria-hidden=\"true\" class=\"wp-block-spacer\"><\/div>\n\n\n\n<p>Die Dorigo AG hat es sich zur Aufgabe gemacht, diese L\u00fccke zu schliessen. Unserer Linie bleiben wir treu und arbeiten auch in der Arbeitsintegration maximal bedarfsgerecht und modular.<\/p>\n\n\n\n<div style=\"height:20px\" aria-hidden=\"true\" class=\"wp-block-spacer\"><\/div>\n\n\n\n<p>Mit unserem 6+1 Schritte System vermitteln wir Klient:innen der Arbeitsintegration mit hervorragenden Erfolgsquoten. Nach 3 Monaten arbeiten <strong>43 %<\/strong> wieder im 1. Arbeitsmarkt. <strong>68 %<\/strong> schaffen die (Re-)Integration in den ersten 6 Monaten.<\/p>\n\n\n\n<div style=\"height:20px\" aria-hidden=\"true\" class=\"wp-block-spacer\"><\/div>\n\n\n\n<p>Auf einen wesentlichen Schritt unseres Vorgehens m\u00f6chten wir heute detaillierter eingehen:<\/p>\n\n\n\n<div style=\"height:20px\" aria-hidden=\"true\" class=\"wp-block-spacer\"><\/div>\n\n\n\n<p><strong>Standortbestimmung und Zielsetzung<\/strong><\/p>\n\n\n\n<div style=\"height:20px\" aria-hidden=\"true\" class=\"wp-block-spacer\"><\/div>\n\n\n\n<p>Nachdem die Eignung und insbesondere die Bereitschaft f\u00fcr eine langfristige Integration in den 1. Arbeitsmarkt bejaht worden ist, gilt es eine genaue Standortbestimmung mit der Klientin oder dem Klienten durchzuf\u00fchren.<\/p>\n\n\n\n<div style=\"height:20px\" aria-hidden=\"true\" class=\"wp-block-spacer\"><\/div>\n\n\n\n<p>Menschen sind Individuen. Jede\/r Klient:in bringt seine eigenen Erfahrungen, St\u00e4rken und Entwicklungsbereiche mit. Und genauso individuell muss auch die Zielsetzung und der zugeh\u00f6rige Massnahmenplan entwickelt und umgesetzt werden.<\/p>\n\n\n\n<div style=\"height:20px\" aria-hidden=\"true\" class=\"wp-block-spacer\"><\/div>\n\n\n\n<p>Umso besser die Vorarbeit im Sinne einer Standortbestimmung und Analyse des Potenzials durchgef\u00fchrt wurde, desto effizienter und auch schneller kann eine Vermittlung stattfinden.<\/p>\n\n\n\n<div style=\"height:20px\" aria-hidden=\"true\" class=\"wp-block-spacer\"><\/div>\n\n\n\n<p>Die detaillierte Besch\u00e4ftigung und Ausarbeitung der folgenden Bereiche geh\u00f6rt zu einer guten Standortbestimmung:<\/p>\n\n\n\n<div style=\"height:20px\" aria-hidden=\"true\" class=\"wp-block-spacer\"><\/div>\n\n\n\n<ul class=\"wp-block-list\">\n<li>Aus- und Weiterbildung, Zusatzqualifikationen<\/li>\n\n\n\n<li>Laufbahn<\/li>\n\n\n\n<li>F\u00e4higkeiten, Kompetenzen, Talente<\/li>\n\n\n\n<li>pers\u00f6nliche St\u00e4rken und Schw\u00e4chen<\/li>\n\n\n\n<li>bekannte und verwandte Berufsfelder<\/li>\n\n\n\n<li>Entwicklungspotenziale<\/li>\n\n\n\n<li>Mentale Verfassung (Selbstbewusstsein)<\/li>\n\n\n\n<li>Werte und Motivation<\/li>\n\n\n\n<li>Selbsteinsch\u00e4tzung<\/li>\n\n\n\n<li>Soziales Umfeld<\/li>\n<\/ul>\n\n\n\n<div style=\"height:20px\" aria-hidden=\"true\" class=\"wp-block-spacer\"><\/div>\n\n\n\n<p>Unsere Erfahrung zeigt, dass es einen hohen Einfluss auf die Nachhaltigkeit der Vermittlung hat, wie ein Prozess begonnen wird. Der Klient muss gleich zu Anfang die eigene Zukunftsperspektive erkennen und nach M\u00f6glichkeit aktiv mitgestalten. Dies f\u00fchrt zu einer realistischen Erwartungshaltung und Selbsteinsch\u00e4tzung. Schnelle R\u00fcckschl\u00e4ge und Entt\u00e4uschungen, die wiederum stark demotivierend wirken, werden vermieden.<\/p>\n\n\n\n<div style=\"height:20px\" aria-hidden=\"true\" class=\"wp-block-spacer\"><\/div>\n\n\n\n<p>Wenn Sie mehr \u00fcber unser 6 + 1 Schritte System erfahren m\u00f6chten, k\u00f6nnen Sie sich hier unser PDF herunterladen:<\/p>\n\n\n\n<div style=\"height:20px\" aria-hidden=\"true\" class=\"wp-block-spacer\"><\/div>\n\n\n\n<div class=\"_form_4\"><\/div><script src=\"https:\/\/dorigo.activehosted.com\/f\/embed.php?id=4\" type=\"text\/javascript\" charset=\"utf-8\"><\/script>\n\n\n\n<div style=\"height:20px\" aria-hidden=\"true\" class=\"wp-block-spacer\"><\/div>\n\n\n\n<p>Gerne stehen wir Ihnen f\u00fcr ein Gespr\u00e4ch zur Verf\u00fcgung. Sprechen Sie uns einfach an!<\/p>\n\n\n\n<div style=\"height:149px\" aria-hidden=\"true\" class=\"wp-block-spacer\"><\/div>\n","protected":false},"excerpt":{"rendered":"<p>Zwischen Arbeitsintegration und dem 1. Arbeitsmarkt klafft eine L\u00fccke. Genauer gehen wir darauf in unserem PDF \u201cErfolgreiche (Re-)Integration in den 1. Arbeitsmarkt\u201d ein. Die Dorigo AG hat es sich zur Aufgabe gemacht, diese L\u00fccke zu schliessen. Unserer Linie bleiben wir treu und arbeiten auch in der Arbeitsintegration maximal bedarfsgerecht und modular. Mit unserem 6+1 Schritte [&hellip;]<\/p>\n","protected":false},"author":3,"featured_media":6214,"comment_status":"open","ping_status":"open","sticky":false,"template":"","format":"standard","meta":{"ocean_post_layout":"","ocean_both_sidebars_style":"","ocean_both_sidebars_content_width":0,"ocean_both_sidebars_sidebars_width":0,"ocean_sidebar":"0","ocean_second_sidebar":"0","ocean_disable_margins":"enable","ocean_add_body_class":"","ocean_shortcode_before_top_bar":"","ocean_shortcode_after_top_bar":"","ocean_shortcode_before_header":"","ocean_shortcode_after_header":"","ocean_has_shortcode":"","ocean_shortcode_after_title":"","ocean_shortcode_before_footer_widgets":"","ocean_shortcode_after_footer_widgets":"","ocean_shortcode_before_footer_bottom":"","ocean_shortcode_after_footer_bottom":"","ocean_display_top_bar":"default","ocean_display_header":"default","ocean_header_style":"","ocean_center_header_left_menu":"0","ocean_custom_header_template":"0","ocean_custom_logo":0,"ocean_custom_retina_logo":0,"ocean_custom_logo_max_width":0,"ocean_custom_logo_tablet_max_width":0,"ocean_custom_logo_mobile_max_width":0,"ocean_custom_logo_max_height":0,"ocean_custom_logo_tablet_max_height":0,"ocean_custom_logo_mobile_max_height":0,"ocean_header_custom_menu":"0","ocean_menu_typo_font_family":"0","ocean_menu_typo_font_subset":"","ocean_menu_typo_font_size":0,"ocean_menu_typo_font_size_tablet":0,"ocean_menu_typo_font_size_mobile":0,"ocean_menu_typo_font_size_unit":"px","ocean_menu_typo_font_weight":"","ocean_menu_typo_font_weight_tablet":"","ocean_menu_typo_font_weight_mobile":"","ocean_menu_typo_transform":"","ocean_menu_typo_transform_tablet":"","ocean_menu_typo_transform_mobile":"","ocean_menu_typo_line_height":0,"ocean_menu_typo_line_height_tablet":0,"ocean_menu_typo_line_height_mobile":0,"ocean_menu_typo_line_height_unit":"","ocean_menu_typo_spacing":0,"ocean_menu_typo_spacing_tablet":0,"ocean_menu_typo_spacing_mobile":0,"ocean_menu_typo_spacing_unit":"","ocean_menu_link_color":"","ocean_menu_link_color_hover":"","ocean_menu_link_color_active":"","ocean_menu_link_background":"","ocean_menu_link_hover_background":"","ocean_menu_link_active_background":"","ocean_menu_social_links_bg":"","ocean_menu_social_hover_links_bg":"","ocean_menu_social_links_color":"","ocean_menu_social_hover_links_color":"","ocean_disable_title":"default","ocean_disable_heading":"default","ocean_post_title":"","ocean_post_subheading":"","ocean_post_title_style":"","ocean_post_title_background_color":"","ocean_post_title_background":0,"ocean_post_title_bg_image_position":"","ocean_post_title_bg_image_attachment":"","ocean_post_title_bg_image_repeat":"","ocean_post_title_bg_image_size":"","ocean_post_title_height":0,"ocean_post_title_bg_overlay":0.5,"ocean_post_title_bg_overlay_color":"","ocean_disable_breadcrumbs":"default","ocean_breadcrumbs_color":"","ocean_breadcrumbs_separator_color":"","ocean_breadcrumbs_links_color":"","ocean_breadcrumbs_links_hover_color":"","ocean_display_footer_widgets":"default","ocean_display_footer_bottom":"default","ocean_custom_footer_template":"0","ocean_post_oembed":"","ocean_post_self_hosted_media":"","ocean_post_video_embed":"","ocean_link_format":"","ocean_link_format_target":"self","ocean_quote_format":"","ocean_quote_format_link":"post","ocean_gallery_link_images":"off","ocean_gallery_id":[],"footnotes":""},"categories":[279],"tags":[285,281,283],"class_list":["post-6213","post","type-post","status-publish","format-standard","has-post-thumbnail","hentry","category-arbeitsintegration","tag-1-arbeitsmarkt","tag-arbeitsintegration","tag-sozialearbeit","entry","has-media"],"_links":{"self":[{"href":"https:\/\/dori-go.com\/index.php\/wp-json\/wp\/v2\/posts\/6213","targetHints":{"allow":["GET"]}}],"collection":[{"href":"https:\/\/dori-go.com\/index.php\/wp-json\/wp\/v2\/posts"}],"about":[{"href":"https:\/\/dori-go.com\/index.php\/wp-json\/wp\/v2\/types\/post"}],"author":[{"embeddable":true,"href":"https:\/\/dori-go.com\/index.php\/wp-json\/wp\/v2\/users\/3"}],"replies":[{"embeddable":true,"href":"https:\/\/dori-go.com\/index.php\/wp-json\/wp\/v2\/comments?post=6213"}],"version-history":[{"count":3,"href":"https:\/\/dori-go.com\/index.php\/wp-json\/wp\/v2\/posts\/6213\/revisions"}],"predecessor-version":[{"id":6217,"href":"https:\/\/dori-go.com\/index.php\/wp-json\/wp\/v2\/posts\/6213\/revisions\/6217"}],"wp:featuredmedia":[{"embeddable":true,"href":"https:\/\/dori-go.com\/index.php\/wp-json\/wp\/v2\/media\/6214"}],"wp:attachment":[{"href":"https:\/\/dori-go.com\/index.php\/wp-json\/wp\/v2\/media?parent=6213"}],"wp:term":[{"taxonomy":"category","embeddable":true,"href":"https:\/\/dori-go.com\/index.php\/wp-json\/wp\/v2\/categories?post=6213"},{"taxonomy":"post_tag","embeddable":true,"href":"https:\/\/dori-go.com\/index.php\/wp-json\/wp\/v2\/tags?post=6213"}],"curies":[{"name":"wp","href":"https:\/\/api.w.org\/{rel}","templated":true}]}}